{"id":731,"date":"2007-07-25T22:00:10","date_gmt":"2007-07-25T20:00:10","guid":{"rendered":"http:\/\/kso.menkar.uberspace.de\/?p=731"},"modified":"2014-09-24T11:44:13","modified_gmt":"2014-09-24T09:44:13","slug":"neuer-dirigent","status":"publish","type":"post","link":"https:\/\/kammersinfonie-oldenburg.de\/?p=731","title":{"rendered":"Neuer Dirigent"},"content":{"rendered":"<p><a href=\"https:\/\/kammersinfonie-oldenburg.de\/wp-content\/uploads\/2014\/05\/Christopher-Wasmuth.jpg\"><img loading=\"lazy\" decoding=\"async\" class=\"alignright size-full wp-image-732\" src=\"https:\/\/kammersinfonie-oldenburg.de\/wp-content\/uploads\/2014\/05\/Christopher-Wasmuth.jpg\" alt=\"Christopher Wasmuth\" width=\"173\" height=\"149\" \/><\/a>Seit dem 18.7.2007 hat die Kammersinfonie einen neuen Dirigenten: <strong>Christopher Wasmuth<\/strong>. Das Orchester freut sich auf die Zusammenarbeit mit ihm, das Publikum kann gespannt sein.<\/p>\n<p>Christopher Wasmuth hat von 1990 bis 1994 Schulmusik mit 2. Hauptfach Gesang und Klavier an der Hochschule f\u00fcr Musik Detmold studiert. Anschlie\u00dfend wechselte er an die Hochschule f\u00fcr Musik Hanns Eisler und studierte dort Dirigieren. Als Liedbegleiter nahm er erfolgreich an Wettbewerben und Kursen teil, u.a. Bei Wolfram Rieger, Erich Schneider und Dietrich Fischer-Dieskau.<br \/>\nAls Korrepetitor und Kapellmeister war er engagiert an der Komischen Oper Berlin, am Stadttheater Hagen, am Stadttheater in W\u00fcrzburg und am Staatstheater Mainz. Gasteinstudierungen als Dirigent von Opern, Operetten und Musicals und sinfonischen Werken f\u00fchrten ihn u.a. an das Stadttheater in Passau, zu den N\u00fcrnberger und Bamberger Sinfonikern, und an das Stadttheater in Koblenz.<br \/>\nZur Zeit ist er musikalischer Leiter und Arrangeur im Landestheater Stendal und Leiter des Kammerchores Collegium Vocale in Koblenz. Neben den beruflichen Engagements an Theatern tritt Herr Wasmuth h\u00e4ufig als Liedbegleiter auf. Erfahrung in der Arbeit mit Gesangsstudenten sammelte er als Lehrbeauftragter f\u00fcr Korrepetition an der W\u00fcrzburger Musikhochschule und in privater Unterrichtst\u00e4tigkeit. Diese T\u00e4tigkeit setzt er im moment als Dozent f\u00fcr k\u00fcnstlerische Liedgestaltung am Institut f\u00fcr Musik in Osnabr\u00fcck fort.<\/p>\n","protected":false},"excerpt":{"rendered":"<p>Seit dem 18.7.2007 hat die Kammersinfonie einen neuen Dirigenten: Christopher Wasmuth. Das Orchester freut sich auf die Zusammenarbeit mit ihm, das Publikum kann gespannt sein. Christopher Wasmuth hat von 1990 bis 1994 Schulmusik mit 2. Hauptfach Gesang und Klavier an &hellip; <a href=\"https:\/\/kammersinfonie-oldenburg.de\/?p=731\">Weiterlesen <span class=\"meta-nav\">&rarr;<\/span><\/a><\/p>\n","protected":false},"author":1,"featured_media":0,"comment_status":"closed","ping_status":"closed","sticky":false,"template":"","format":"standard","meta":{"_bbp_topic_count":0,"_bbp_reply_count":0,"_bbp_total_topic_count":0,"_bbp_total_reply_count":0,"_bbp_voice_count":0,"_bbp_anonymous_reply_count":0,"_bbp_topic_count_hidden":0,"_bbp_reply_count_hidden":0,"_bbp_forum_subforum_count":0,"ngg_post_thumbnail":0,"footnotes":""},"categories":[1],"tags":[],"class_list":["post-731","post","type-post","status-publish","format-standard","hentry","category-allgemein"],"_links":{"self":[{"href":"https:\/\/kammersinfonie-oldenburg.de\/index.php?rest_route=\/wp\/v2\/posts\/731","targetHints":{"allow":["GET"]}}],"collection":[{"href":"https:\/\/kammersinfonie-oldenburg.de\/index.php?rest_route=\/wp\/v2\/posts"}],"about":[{"href":"https:\/\/kammersinfonie-oldenburg.de\/index.php?rest_route=\/wp\/v2\/types\/post"}],"author":[{"embeddable":true,"href":"https:\/\/kammersinfonie-oldenburg.de\/index.php?rest_route=\/wp\/v2\/users\/1"}],"replies":[{"embeddable":true,"href":"https:\/\/kammersinfonie-oldenburg.de\/index.php?rest_route=%2Fwp%2Fv2%2Fcomments&post=731"}],"version-history":[{"count":5,"href":"https:\/\/kammersinfonie-oldenburg.de\/index.php?rest_route=\/wp\/v2\/posts\/731\/revisions"}],"predecessor-version":[{"id":737,"href":"https:\/\/kammersinfonie-oldenburg.de\/index.php?rest_route=\/wp\/v2\/posts\/731\/revisions\/737"}],"wp:attachment":[{"href":"https:\/\/kammersinfonie-oldenburg.de\/index.php?rest_route=%2Fwp%2Fv2%2Fmedia&parent=731"}],"wp:term":[{"taxonomy":"category","embeddable":true,"href":"https:\/\/kammersinfonie-oldenburg.de\/index.php?rest_route=%2Fwp%2Fv2%2Fcategories&post=731"},{"taxonomy":"post_tag","embeddable":true,"href":"https:\/\/kammersinfonie-oldenburg.de\/index.php?rest_route=%2Fwp%2Fv2%2Ftags&post=731"}],"curies":[{"name":"wp","href":"https:\/\/api.w.org\/{rel}","templated":true}]}}