{"id":912,"date":"2007-08-03T22:51:31","date_gmt":"2007-08-03T20:51:31","guid":{"rendered":"http:\/\/kso.menkar.uberspace.de\/?p=912"},"modified":"2014-10-06T23:12:44","modified_gmt":"2014-10-06T21:12:44","slug":"europa-musik-ohne-grenzen","status":"publish","type":"post","link":"https:\/\/kammersinfonie-oldenburg.de\/?p=912","title":{"rendered":"&#8222;Europa &#8211; Musik ohne Grenzen&#8220;"},"content":{"rendered":"<p>Am 25. August findet ein Konzert der Kammersinfonie auf der Burginsel Delmenhorst unter dem Programm &#8222;Europa- Musik ohne Grenzen&#8220; statt. Als Solistin freuen wir uns die Violinistin Anna Schuberth-Meister begr\u00fc\u00dfen zu d\u00fcrfen.<\/p>\n<p>Das Konzert wird am 8. September im Nordseeheilbad Spiekeroog wiederholt.<\/p>\n","protected":false},"excerpt":{"rendered":"<p>Am 25. August findet ein Konzert der Kammersinfonie auf der Burginsel Delmenhorst unter dem Programm &#8222;Europa- Musik ohne Grenzen&#8220; statt. Als Solistin freuen wir uns die Violinistin Anna Schuberth-Meister begr\u00fc\u00dfen zu d\u00fcrfen. Das Konzert wird am 8. September im Nordseeheilbad &hellip; <a href=\"https:\/\/kammersinfonie-oldenburg.de\/?p=912\">Weiterlesen <span class=\"meta-nav\">&rarr;<\/span><\/a><\/p>\n","protected":false},"author":1,"featured_media":0,"comment_status":"closed","ping_status":"closed","sticky":false,"template":"","format":"standard","meta":{"_bbp_topic_count":0,"_bbp_reply_count":0,"_bbp_total_topic_count":0,"_bbp_total_reply_count":0,"_bbp_voice_count":0,"_bbp_anonymous_reply_count":0,"_bbp_topic_count_hidden":0,"_bbp_reply_count_hidden":0,"_bbp_forum_subforum_count":0,"ngg_post_thumbnail":0,"footnotes":""},"categories":[1,6],"tags":[],"class_list":["post-912","post","type-post","status-publish","format-standard","hentry","category-allgemein","category-konzerte"],"_links":{"self":[{"href":"https:\/\/kammersinfonie-oldenburg.de\/index.php?rest_route=\/wp\/v2\/posts\/912","targetHints":{"allow":["GET"]}}],"collection":[{"href":"https:\/\/kammersinfonie-oldenburg.de\/index.php?rest_route=\/wp\/v2\/posts"}],"about":[{"href":"https:\/\/kammersinfonie-oldenburg.de\/index.php?rest_route=\/wp\/v2\/types\/post"}],"author":[{"embeddable":true,"href":"https:\/\/kammersinfonie-oldenburg.de\/index.php?rest_route=\/wp\/v2\/users\/1"}],"replies":[{"embeddable":true,"href":"https:\/\/kammersinfonie-oldenburg.de\/index.php?rest_route=%2Fwp%2Fv2%2Fcomments&post=912"}],"version-history":[{"count":4,"href":"https:\/\/kammersinfonie-oldenburg.de\/index.php?rest_route=\/wp\/v2\/posts\/912\/revisions"}],"predecessor-version":[{"id":916,"href":"https:\/\/kammersinfonie-oldenburg.de\/index.php?rest_route=\/wp\/v2\/posts\/912\/revisions\/916"}],"wp:attachment":[{"href":"https:\/\/kammersinfonie-oldenburg.de\/index.php?rest_route=%2Fwp%2Fv2%2Fmedia&parent=912"}],"wp:term":[{"taxonomy":"category","embeddable":true,"href":"https:\/\/kammersinfonie-oldenburg.de\/index.php?rest_route=%2Fwp%2Fv2%2Fcategories&post=912"},{"taxonomy":"post_tag","embeddable":true,"href":"https:\/\/kammersinfonie-oldenburg.de\/index.php?rest_route=%2Fwp%2Fv2%2Ftags&post=912"}],"curies":[{"name":"wp","href":"https:\/\/api.w.org\/{rel}","templated":true}]}}